{"id":1351,"date":"2025-09-09T06:47:30","date_gmt":"2025-09-09T08:47:30","guid":{"rendered":"https:\/\/nouconst.md\/?post_type=news&#038;p=1351"},"modified":"2025-10-15T12:35:25","modified_gmt":"2025-10-15T14:35:25","slug":"drumul-branesti-ohrincea-este-construit-cu-voi-si-pentru-voi","status":"publish","type":"news","link":"https:\/\/nouconst.md\/ru\/news\/drumul-branesti-ohrincea-este-construit-cu-voi-si-pentru-voi\/","title":{"rendered":"Drumul Br\u0103ne\u0219ti \u2013 Ohrincea este construit cu voi \u0219i pentru voi!"},"content":{"rendered":"<p class=\"qtranxs-available-languages-message qtranxs-available-languages-message-ru\"> <\/p><p>Un drum nu \u00eenseamn\u0103 doar asfalt, ci \u0219i leg\u0103tura dintre oameni \u0219i oportunit\u0103\u021bi!<\/p>\n<p>Modernizarea infrastructurii rutiere este unul dintre cele mai importante obiective prin care putem sprijini dezvoltarea local\u0103 \u0219i \u00eembun\u0103t\u0103\u021bi calitatea vie\u021bii oamenilor. De aceea, suntem bucuro\u0219i s\u0103 anun\u021b\u0103m c\u0103 lucr\u0103rile de modernizare a drumului Br\u0103ne\u0219ti \u2013 Ohrincea se apropie cu pa\u0219i repezi de finalizare.<\/p>\n<p>\u00cen doar c\u00e2teva luni, tronsonul de 3 km a trecut printr-un proces amplu de transformare:<\/p>\n<ul>\n<li>Stabilizarea funda\u021biei \u0219i turnarea unui strat nou de asfalt, pentru un carosabil sigur \u0219i durabil.<\/li>\n<li>Amenajarea acostamentelor, astfel \u00eenc\u00e2t traficul s\u0103 se desf\u0103\u0219oare \u00een condi\u021bii optime;<\/li>\n<li>Instalarea semnaliz\u0103rii \u0219i aplicarea marcajelor rutiere, pentru cre\u0219terea siguran\u021bei participan\u021bilor la trafic.<\/li>\n<\/ul>\n<p>Un aspect deosebit de important este faptul c\u0103, datorit\u0103 implic\u0103rii \u0219i efortului constant al echipei noastre, proiectul este finalizat cu 6 luni \u00eenainte de termenul prev\u0103zut. Acest lucru nu ar fi fost posibil f\u0103r\u0103 profesionalismul tuturor celor implica\u021bi \u0219i f\u0103r\u0103 sprijinul comunit\u0103\u021bii locale, c\u0103reia \u00eei mul\u021bumim pentru r\u0103bdare \u0219i \u00eencredere.<\/p>\n<p>Acest drum este mai mult dec\u00e2t o simpl\u0103 cale de acces \u2013 este o leg\u0103tur\u0103 \u00eentre oameni, idei \u0219i oportunit\u0103\u021bi, un pas \u00eenainte spre o infrastructur\u0103 modern\u0103 \u0219i o comunitate mai bine conectat\u0103.<\/p>","protected":false},"featured_media":0,"template":"","class_list":["post-1351","news","type-news","status-publish","hentry"],"acf":[],"_links":{"self":[{"href":"https:\/\/nouconst.md\/ru\/wp-json\/wp\/v2\/news\/1351","targetHints":{"allow":["GET"]}}],"collection":[{"href":"https:\/\/nouconst.md\/ru\/wp-json\/wp\/v2\/news"}],"about":[{"href":"https:\/\/nouconst.md\/ru\/wp-json\/wp\/v2\/types\/news"}],"wp:attachment":[{"href":"https:\/\/nouconst.md\/ru\/wp-json\/wp\/v2\/media?parent=1351"}],"curies":[{"name":"wp","href":"https:\/\/api.w.org\/{rel}","templated":true}]}}